{"provider_url": "https://www.pioix.pi.leg.br", "title": "Sess\u00e3o Solene Comemorativa ao Dia do Ma\u00e7om", "html": "<p style=\"text-align: left; \">O dia 25 de agosto de 2023, marcou uma ocasi\u00e3o especial: a Sess\u00e3o Solene que celebrou o Dia do Ma\u00e7om. Um momento de reflex\u00e3o e reconhecimento da import\u00e2ncia dessa ilustre figura na sociedade e nos valores que ela representa.</p>\r\n<p style=\"text-align: left; \">A celebra\u00e7\u00e3o do Dia do Ma\u00e7om foi instalada oficialmente dia 20 de agosto, essa escolha veio para celebrar o importante papel que esta \"sociedade secreta\" teve para um dos momentos hist\u00f3ricos mais emblem\u00e1ticos do pa\u00eds: a Independ\u00eancia do Brasil. Ao longo dos anos, houve a oportunidade para destacar a contribui\u00e7\u00e3o significativa que os Ma\u00e7ons t\u00eam feito para o desenvolvimento social, cultural e filantr\u00f3pico nas comunidades. Os Ma\u00e7ons s\u00e3o conhecidos por seu compromisso com a fraternidade, igualdade e a busca pela verdade.</p>\r\n<p style=\"text-align: left; \">Nesta solenidade, estiveram presentes os nobres vereadores da Casa Legislativa, membros da Loja Tom\u00e9 Alves Pereira de Pio IX, Loja Ces\u00e1rio Ribeiro Leal de S\u00e3o Juli\u00e3o, Loja Francisco Tom\u00e9 da Frota de Fronteiras e da Loja Jo\u00e3o Pedro de Lima de Alagoinha.</p>\r\n<p style=\"text-align: left; \">Que este Dia do Ma\u00e7om seja um momento de inspira\u00e7\u00e3o, espelhar-se nos valores ma\u00e7\u00f4nicos e promover a fraternidade, a igualdade e a busca pela verdade na exist\u00eancia humana. Que nesta Sess\u00e3o Solene, suas a\u00e7\u00f5es e exemplos inspirem futuras gera\u00e7\u00f5es a seguir o caminho do bem e da solidariedade, fortalecendo os la\u00e7os de fraternidade e construindo um futuro mais justo e harmonioso para todos.</p>\r\n<p style=\"text-align: left; \"><a class=\"external-link\" href=\"https://dugrazy.youfocus.com.br/selpics/selecao/4761120/fotos\" target=\"_self\" title=\"Fotos da Sess\u00e3o Solene comemorativa ao Dia do Ma\u00e7om\">https://dugrazy.youfocus.com.br/selpics/selecao/4761120/fotos</a></p>\r\n<p style=\"text-align: left; \"><img src=\"https://www.pioix.pi.leg.br/institucional/fotos/sessao-solene-em-celebracao-ao-dia-do-macom/vereadores-e-lojas-tome-alves-pereira-cesario-ribeiro-leal-e-joao-pedro-de-lima.jpg\" alt=\"Vereadores e Lojas Tom\u00e9 Alves Pereira, Ces\u00e1rio Ribeiro Leal e Jo\u00e3o Pedro de Lima.jpg\" class=\"image-inline\" title=\"Vereadores e Lojas Tom\u00e9 Alves Pereira, Ces\u00e1rio Ribeiro Leal e Jo\u00e3o Pedro de Lima.jpg\" /></p>\r\n<p style=\"text-align: left; \"><img src=\"https://www.pioix.pi.leg.br/institucional/fotos/sessao-solene-em-celebracao-ao-dia-do-macom/lojas-tome-alves-pereira-cesario-ribeiro-leal-e-joao-pedro-de-lima.jpg\" alt=\"Lojas Tom\u00e9 Alves Pereira, Ces\u00e1rio Ribeiro Leal e Jo\u00e3o Pedro de Lima.jpg\" class=\"image-inline\" title=\"Lojas Tom\u00e9 Alves Pereira, Ces\u00e1rio Ribeiro Leal e Jo\u00e3o Pedro de Lima.jpg\" /></p>\r\n<p style=\"text-align: left; \"><img src=\"https://www.pioix.pi.leg.br/institucional/fotos/sessao-solene-em-celebracao-ao-dia-do-macom/mesa-de-honra.jpg\" alt=\"Mesa de Honra.jpg\" class=\"image-inline\" title=\"Mesa de Honra.jpg\" /></p>\r\n<p style=\"text-align: left; \"><img src=\"https://www.pioix.pi.leg.br/institucional/fotos/sessao-solene-em-celebracao-ao-dia-do-macom/vereadores-e-homenageados.jpg\" alt=\"Vereadores e Homenageados.jpg\" class=\"image-inline\" title=\"Vereadores e Homenageados.jpg\" /></p>\r\n<p style=\"text-align: left; \"><img src=\"https://www.pioix.pi.leg.br/institucional/fotos/sessao-solene-em-celebracao-ao-dia-do-macom/homenageados.jpg\" alt=\"Homenageados.jpg\" class=\"image-inline\" title=\"Homenageados.jpg\" /></p>\r\n<p style=\"text-align: left; \"><img src=\"https://www.pioix.pi.leg.br/institucional/fotos/sessao-solene-em-celebracao-ao-dia-do-macom/homenageados-2.jpg\" alt=\"Homenageados (2).jpg\" class=\"image-inline\" title=\"Homenageados (2).jpg\" /></p>\r\n<p style=\"text-align: left; \"><img src=\"https://www.pioix.pi.leg.br/institucional/fotos/sessao-solene-em-celebracao-ao-dia-do-macom/vereadores-e-homenageados-2.jpg\" alt=\"Vereadores e Homenageados (2).jpg\" class=\"image-inline\" title=\"Vereadores e Homenageados (2).jpg\" /></p>\r\n<p style=\"text-align: left; \"><img src=\"https://www.pioix.pi.leg.br/institucional/fotos/sessao-solene-em-celebracao-ao-dia-do-macom/veneravel-glaudson-dantas.jpg\" alt=\"Vener\u00e1vel  Glaudson Dantas.jpg\" class=\"image-inline\" title=\"Vener\u00e1vel  Glaudson Dantas.jpg\" /></p>\r\n<p style=\"text-align: left; \"><img src=\"https://www.pioix.pi.leg.br/institucional/fotos/sessao-solene-em-celebracao-ao-dia-do-macom/presidente-do-clube-damas-da-acacia-maria-de-lourdes.jpg\" alt=\"Presidente do Clube Damas da Ac\u00e1cia Maria de Lourdes.jpg\" class=\"image-inline\" title=\"Presidente do Clube Damas da Ac\u00e1cia Maria de Lourdes.jpg\" /></p>\r\n<p style=\"text-align: left; \"><img src=\"https://www.pioix.pi.leg.br/institucional/fotos/sessao-solene-em-celebracao-ao-dia-do-macom/veneravel-wilson-rocha.jpg\" alt=\"Vener\u00e1vel Wilson Rocha.jpg\" class=\"image-inline\" title=\"Vener\u00e1vel Wilson Rocha.jpg\" /></p>\r\n<p style=\"text-align: left; \"><img src=\"https://www.pioix.pi.leg.br/institucional/fotos/sessao-solene-em-celebracao-ao-dia-do-macom/presidente-do-clube-das-samaritanas-gicelia-carvalho.jpg\" alt=\"Presidente do Clube das Samaritanas Gic\u00e9lia Carvalho.jpg\" class=\"image-inline\" title=\"Presidente do Clube das Samaritanas Gic\u00e9lia Carvalho.jpg\" /></p>\r\n<p style=\"text-align: left; \"><img src=\"https://www.pioix.pi.leg.br/institucional/fotos/sessao-solene-em-celebracao-ao-dia-do-macom/veneravel-francisco-de-assis.jpg\" alt=\"Vener\u00e1vel Francisco de Assis.jpg\" class=\"image-inline\" title=\"Vener\u00e1vel Francisco de Assis.jpg\" /></p>\r\n<p style=\"text-align: left; \"><img src=\"https://www.pioix.pi.leg.br/institucional/fotos/sessao-solene-em-celebracao-ao-dia-do-macom/vereadora-e-membro-do-clube-damas-da-acacia-domitilia-lopes.jpg\" alt=\"Vereadora e membro do Clube Damas da Ac\u00e1cia Domitilia Lopes.jpg\" class=\"image-inline\" title=\"Vereadora e membro do Clube Damas da Ac\u00e1cia Domitilia Lopes.jpg\" /></p>\r\n<p style=\"text-align: left; \"><img src=\"https://www.pioix.pi.leg.br/institucional/fotos/sessao-solene-em-celebracao-ao-dia-do-macom/vereador-carlito-pedro.jpg\" alt=\"Vereador Carlito Pedro.jpg\" class=\"image-inline\" title=\"Vereador Carlito Pedro.jpg\" /></p>\r\n<p style=\"text-align: left; \"><img src=\"https://www.pioix.pi.leg.br/institucional/fotos/sessao-solene-em-celebracao-ao-dia-do-macom/vereador-gabriel-noronha.jpg\" alt=\"Vereador Gabriel Noronha.jpg\" class=\"image-inline\" title=\"Vereador Gabriel Noronha.jpg\" /></p>\r\n<p style=\"text-align: left; \"><img src=\"https://www.pioix.pi.leg.br/institucional/fotos/sessao-solene-em-celebracao-ao-dia-do-macom/vereador-jose-miguel.jpg\" alt=\"Vereador Jos\u00e9 Miguel.jpg\" class=\"image-inline\" title=\"Vereador Jos\u00e9 Miguel.jpg\" /></p>\r\n<p style=\"text-align: left; \"><img src=\"https://www.pioix.pi.leg.br/institucional/fotos/sessao-solene-em-celebracao-ao-dia-do-macom/vereador-chico-luis.jpg\" alt=\"Vereador Chico Lu\u00eds.jpg\" class=\"image-inline\" title=\"Vereador Chico Lu\u00eds.jpg\" /></p>\r\n<p style=\"text-align: left; \"><img src=\"https://www.pioix.pi.leg.br/institucional/fotos/sessao-solene-em-celebracao-ao-dia-do-macom/vereadora-eliane-bezerra.jpg\" alt=\"Vereadora Eliane Bezerra.jpg\" class=\"image-inline\" title=\"Vereadora Eliane Bezerra.jpg\" /></p>\r\n<p style=\"text-align: left; \"><img src=\"https://www.pioix.pi.leg.br/institucional/fotos/sessao-solene-em-celebracao-ao-dia-do-macom/cerimonialista-manoel-messias.jpg\" alt=\"Cerimonialista Manoel Messias.jpg\" class=\"image-inline\" title=\"Cerimonialista Manoel Messias.jpg\" /></p>\r\n<p style=\"text-align: left; \"><img src=\"https://www.pioix.pi.leg.br/institucional/fotos/sessao-solene-em-celebracao-ao-dia-do-macom/lojas-tome-alves-pereira-cesario-ribeiro-leal-e-joao-pedro-de-lima-2.jpg\" alt=\"Lojas Tom\u00e9 Alves Pereira, Ces\u00e1rio Ribeiro Leal e Jo\u00e3o Pedro de Lima (2).jpg\" class=\"image-inline\" title=\"Lojas Tom\u00e9 Alves Pereira, Ces\u00e1rio Ribeiro Leal e Jo\u00e3o Pedro de Lima (2).jpg\" /></p>\r\n<p style=\"text-align: left; \"><img src=\"https://www.pioix.pi.leg.br/institucional/fotos/sessao-solene-em-celebracao-ao-dia-do-macom/vereador-gabriel-noronha-2.jpg\" alt=\"Vereador Gabriel Noronha (2).jpg\" class=\"image-inline\" title=\"Vereador Gabriel Noronha (2).jpg\" /></p>\r\n<p style=\"text-align: left; \"><img src=\"https://www.pioix.pi.leg.br/institucional/fotos/sessao-solene-em-celebracao-ao-dia-do-macom/vereador-carlito-pedro-2.jpg\" alt=\"Vereador Carlito Pedro (2).jpg\" class=\"image-inline\" title=\"Vereador Carlito Pedro (2).jpg\" /></p>\r\n<p style=\"text-align: left; \"><img src=\"https://www.pioix.pi.leg.br/institucional/fotos/sessao-solene-em-celebracao-ao-dia-do-macom/vereadora-eliane-bezerra-2.jpg\" alt=\"Vereadora Eliane Bezerra (2).jpg\" class=\"image-inline\" title=\"Vereadora Eliane Bezerra (2).jpg\" /></p>\r\n<p style=\"text-align: left; \"><img src=\"https://www.pioix.pi.leg.br/institucional/fotos/sessao-solene-em-celebracao-ao-dia-do-macom/paulo-ricardo-sua-esposa-aurilene-e-o-filho.jpg\" alt=\"Paulo Ricardo, sua esposa Aurilene e o filho.jpg\" class=\"image-inline\" title=\"Paulo Ricardo, sua esposa Aurilene e o filho.jpg\" /></p>\r\n<p style=\"text-align: left; \"><img src=\"https://www.pioix.pi.leg.br/institucional/fotos/sessao-solene-em-celebracao-ao-dia-do-macom/membros-do-clube-damas-da-acacia.jpg\" alt=\"Membros do Clube Damas da Ac\u00e1cia.jpg\" class=\"image-inline\" title=\"Membros do Clube Damas da Ac\u00e1cia.jpg\" /></p>\r\n<p style=\"text-align: left; \"><img src=\"https://www.pioix.pi.leg.br/institucional/fotos/sessao-solene-em-celebracao-ao-dia-do-macom/domitilia-lopes-e-johnson-do-carmo.jpg\" alt=\"Domitilia Lopes e Johnson Do Carmo.jpg\" class=\"image-inline\" title=\"Domitilia Lopes e Johnson Do Carmo.jpg\" /></p>\r\n<p style=\"text-align: left; \"><img src=\"https://www.pioix.pi.leg.br/institucional/fotos/sessao-solene-em-celebracao-ao-dia-do-macom/livia-lima-e-kelson-bezerra.jpg\" alt=\"L\u00edvia Lima e Kelson Bezerra.jpg\" class=\"image-inline\" title=\"L\u00edvia Lima e Kelson Bezerra.jpg\" /></p>\r\n<p style=\"text-align: left; \"><img src=\"https://www.pioix.pi.leg.br/institucional/fotos/sessao-solene-em-celebracao-ao-dia-do-macom/paulo-ricardo-sua-esposa-aurilene-e-o-filho-2.jpg\" alt=\"Paulo Ricardo, sua esposa Aurilene e o filho (2).jpg\" class=\"image-inline\" title=\"Paulo Ricardo, sua esposa Aurilene e o filho (2).jpg\" /></p>\r\n<p style=\"text-align: left; \"><img src=\"https://www.pioix.pi.leg.br/institucional/fotos/sessao-solene-em-celebracao-ao-dia-do-macom/2o-vigilante-everton-e-familia.jpg\" alt=\"2\u00ba Vigilante Everton e fam\u00edlia.jpg\" class=\"image-inline\" title=\"2\u00ba Vigilante Everton e fam\u00edlia.jpg\" /></p>\r\n<p style=\"text-align: left; \"><img src=\"https://www.pioix.pi.leg.br/institucional/fotos/sessao-solene-em-celebracao-ao-dia-do-macom/guida-e-pele.jpg\" alt=\"Guida e Pel\u00e9.jpg\" class=\"image-inline\" title=\"Guida e Pel\u00e9.jpg\" /></p>\r\n<p style=\"text-align: left; \"><img src=\"https://www.pioix.pi.leg.br/institucional/fotos/sessao-solene-em-celebracao-ao-dia-do-macom/glaudson-dantas-e-maria-de-lourdes.jpg\" alt=\"Glaudson Dantas e Maria de Lourdes.jpg\" class=\"image-inline\" title=\"Glaudson Dantas e Maria de Lourdes.jpg\" /></p>\r\n<p style=\"text-align: left; \"><img src=\"https://www.pioix.pi.leg.br/institucional/fotos/sessao-solene-em-celebracao-ao-dia-do-macom/israel-e-familia.jpg\" alt=\"Israel e fam\u00edlia.jpg\" class=\"image-inline\" title=\"Israel e fam\u00edlia.jpg\" /></p>\r\n<p style=\"text-align: left; \"><img src=\"https://www.pioix.pi.leg.br/institucional/fotos/sessao-solene-em-celebracao-ao-dia-do-macom/auristemaria-afonso-e-jorge-teixeira.jpg\" alt=\"Auristem\u00e1ria Afonso e Jorge Teixeira.jpg\" class=\"image-inline\" title=\"Auristem\u00e1ria Afonso e Jorge Teixeira.jpg\" /></p>\r\n<p style=\"text-align: left; \">\u00a0</p>", "author_name": "Shirlany Rocha", "version": "1.0", "author_url": "https://www.pioix.pi.leg.br/author/Shirlany Rocha", "provider_name": "C\u00e2mara Municipal de Pio IX", "type": "rich"}