{"provider_url": "https://www.pioix.pi.leg.br", "title": "Edital de Convoca\u00e7\u00e3o para Sess\u00e3o Solene de Posse", "html": "<p>Pio IX, 03 de abril de 2024 - O Presidente da C\u00e2mara Municipal de Pio IX, Carlito Pedro de Alencar, anunciou hoje a convoca\u00e7\u00e3o de uma Sess\u00e3o Solene a ser realizada no dia 04 de abril de 2024, \u00e0s 19h00min, na sede da C\u00e2mara Municipal. O objetivo da sess\u00e3o \u00e9 realizar a posse do suplente de vereador, <strong>Ant\u00f4nio Mateus Ant\u00e3o de Alencar Sousa</strong>.</p>\r\n<p>A convoca\u00e7\u00e3o foi feita com base nas atribui\u00e7\u00f5es legais do Presidente da C\u00e2mara e busca garantir a continuidade do trabalho legislativo no munic\u00edpio.\u00a0<span>Para garantir a ampla divulga\u00e7\u00e3o da convoca\u00e7\u00e3o, o Presidente Carlito Pedro de Alencar determinou a publica\u00e7\u00e3o deste edital no Di\u00e1rio Oficial das prefeituras piauienses, bem como no site oficial da C\u00e2mara Municipal de Pio IX.</span></p>\r\n<p>A posse do suplente de vereador \u00e9 um momento importante para a democracia local, permitindo que a representa\u00e7\u00e3o pol\u00edtica seja mantida de forma eficiente e regular. A C\u00e2mara Municipal de Pio IX reafirma seu compromisso com a transpar\u00eancia e o cumprimento das obriga\u00e7\u00f5es legais, garantindo o pleno funcionamento do poder legislativo em benef\u00edcio da popula\u00e7\u00e3o.</p>\r\n<p>\u00a0</p>\r\n<p><img src=\"https://www.pioix.pi.leg.br/institucional/fotos/outras-imagens/edital-de-convocacao-sessao-solene\" alt=\"EDITAL DE CONVOCA\u00c7\u00c3O -SESS\u00c3O SOLENE\" class=\"image-inline\" title=\"EDITAL DE CONVOCA\u00c7\u00c3O -SESS\u00c3O SOLENE\" /></p>", "author_name": "", "version": "1.0", "author_url": "https://www.pioix.pi.leg.br/author/adm", "provider_name": "C\u00e2mara Municipal de Pio IX", "type": "rich"}