{"provider_url": "https://www.pioix.pi.leg.br", "title": "Hist\u00f3ria", "html": "<div class=\"WordSection1\">\r\n<p align=\"center\"><b>ASPECTOS HIST\u00d3RICOS DO MUNIC\u00cdPIO DE PIO IX</b></p>\r\n<p><b>\u00a0</b></p>\r\n<p>H\u00e1 1800 anos atr\u00e1s, n\u00e3o existia nada por aqui apenas matas. Os primeiros habitantes do nosso municipio chegaram aqui no ano de 1800 e eram familias vinda do Piaui e do Cear\u00e1, sendo considerado seu desbravador Manoel do Monte Carvalho. As principais penetra\u00e7\u00f5es no territ\u00f3rio foram realizadas com a participa\u00e7\u00e3o de fam\u00edlias piauienses e cearenses, que se instalaram no lugar denominado \u201cUmbuzeiro\u201d, assim chamado porque bem no centro havia um p\u00e9 de umb\u00fa que servia de ponto para conversa para seus habitantes. No inicio existiam poucas casas, n\u00e3o existia luz eletrica, nem carros, nem lojas, nem escolas como as de hoje</p>\r\n<p>Em 1871, o Padre Jos\u00e9 Antonio Maria Ibiapina conhecido como ap\u00f3stolo do Nordeste contando com o apoio de moradores iniciou um trabalho de catequese e povoamento. Inicialmente construiu a Capela de S\u00e3o Miguel e logo ap\u00f3s a Igreja matriz, cuja Padroeira \u00e9 Nossa Senhora do Patroc\u00ednio.</p>\r\n<p>\u00a0 <img src=\"https://www.pioix.pi.leg.br/imagens/antigacapela.jpg\" alt=\"\" class=\"image-inline\" title=\"\" /></p>\r\n<p>\u00a0\u00a0\u00a0\u00a0\u00a0\u00a0\u00a0\u00a0\u00a0\u00a0\u00a0\u00a0 Foto antiga da Capela de S\u00e3o Miguel, constru\u00edda pelo Padre Ibiapina</p>\r\n<p><img src=\"https://www.pioix.pi.leg.br/imagens/capelaatual.jpg\" alt=\"\" class=\"image-inline\" title=\"\" /></p>\r\n</div>\r\n<p align=\"center\">Foto atual da Capela de S\u00e3o Miguel, constru\u00edda pelo Padre Ibiapina</p>\r\n<div class=\"WordSection4\">\r\n<p>\u00a0</p>\r\n<p>Com a constru\u00e7\u00e3o da igreja em 1888, a localidade se desenvolveu e o povoado se constituiu em Distrito, sendo que no mesmo ano, adquiriu a categoria de vila e munic\u00edpio com a denomina\u00e7\u00e3o de \u201cPatrocinio\u201d, numa demonstra\u00e7\u00e3o de amor e f\u00e9 sua padroeira.</p>\r\n<p><img src=\"https://www.pioix.pi.leg.br/imagens/igrejaantiga.jpg\" alt=\"\" class=\"image-inline\" title=\"\" /></p>\r\n<p>\u00a0\u00a0\u00a0\u00a0\u00a0\u00a0\u00a0\u00a0\u00a0\u00a0\u00a0\u00a0\u00a0 Foto da antiga Igreja Matriz Nossa Senhora do Patroc\u00ednio, posteriormente reformada pelo Padre Madeira</p>\r\n<p><img src=\"https://www.pioix.pi.leg.br/imagens/igrejaatual.jpg\" alt=\"\" class=\"image-inline\" title=\"\" /></p>\r\n<p>\u00a0\u00a0\u00a0\u00a0\u00a0\u00a0\u00a0\u00a0\u00a0\u00a0\u00a0\u00a0\u00a0\u00a0\u00a0\u00a0\u00a0\u00a0\u00a0\u00a0\u00a0\u00a0\u00a0\u00a0\u00a0\u00a0\u00a0\u00a0\u00a0\u00a0\u00a0\u00a0\u00a0\u00a0\u00a0\u00a0\u00a0\u00a0\u00a0\u00a0\u00a0\u00a0\u00a0\u00a0\u00a0\u00a0 Foto da atual Igreja Matriz Nossa Senhora do Patroc\u00ednio.</p>\r\n<p>\u00a0</p>\r\n<div class=\"WordSection1\">\r\n<p>A exist\u00eancia de uma lei federal proibia a duplica\u00e7\u00e3o de nomes nas cidades e vilas da federa\u00e7\u00e3o brasileira atingiu Patroc\u00ednio, mudando a sua denomina\u00e7\u00e3o para Pio IX, que foi dado em homenagem ao papa da \u00e9poca. Assim, com essa mesma denomina\u00e7\u00e3o \u00e9 registrada atualmente. A bandeira municipal \u00e9 ornamentada por um ramo de algod\u00e3o e outro de milho simbolizando as principais culturas do munic\u00edpio.</p>\r\n<p>A data de 08 de agosto de 1889 \u00e9 a data de instala\u00e7\u00e3o do munic\u00edpio. As cores, azul, verde e branco significam f\u00e9, esperan\u00e7a e amor que dever\u00e1 existir no cora\u00e7\u00e3o de cada piononense.</p>\r\n</div>\r\n<p>\u00a0</p>\r\n<div class=\"WordSection2\">\r\n<h2 align=\"center\">ASPECTOS SOCIAIS E CULTURAIS</h2>\r\n<p><b>\u00a0</b></p>\r\n</div>\r\n<div class=\"WordSection3\">\r\n<p>O munic\u00edpio de Pio IX oferece poucas op\u00e7\u00f5es de lazer para sua popula\u00e7\u00e3o. O local mais tradicional e frequentado da cidade \u00e9 o Bar do Abrigo, que fica no cora\u00e7\u00e3o da cidade, na Pra\u00e7a Deputado Alencar Mota.</p>\r\n<p>Em frente a Pra\u00e7a Jos\u00e9 Ant\u00e3o de Alencar fica o Casa Bar, local deencontro das fam\u00edlias, jovens e crian\u00e7as. No espa\u00e7o aberto ao lado da Igreja Matriz Nossa Senhora diariamente crian\u00e7as encontram-se para brincar, andar de bicicleta, jogar bola e usar brinquedos de playgrounds crian\u00e7as organizado por particulares.</p>\r\n<p>\u00a0</p>\r\n<p><img src=\"https://www.pioix.pi.leg.br/imagens/praadeputado.jpg\" alt=\"\" class=\"image-inline\" title=\"\" /></p>\r\n<p>\u00a0\u00a0\u00a0\u00a0\u00a0\u00a0\u00a0\u00a0\u00a0\u00a0\u00a0\u00a0\u00a0\u00a0\u00a0\u00a0\u00a0\u00a0\u00a0\u00a0\u00a0\u00a0\u00a0\u00a0\u00a0\u00a0\u00a0\u00a0\u00a0\u00a0\u00a0\u00a0\u00a0\u00a0\u00a0\u00a0\u00a0\u00a0\u00a0\u00a0\u00a0\u00a0\u00a0\u00a0\u00a0\u00a0\u00a0\u00a0\u00a0\u00a0\u00a0\u00a0\u00a0\u00a0\u00a0\u00a0\u00a0\u00a0\u00a0\u00a0\u00a0\u00a0\u00a0\u00a0\u00a0\u00a0\u00a0\u00a0 Pra\u00e7a Deputado Alencar Mota, conhecida como Pra\u00e7a do Abrigo,</p>\r\n</div>\r\n<p>\u00a0</p>\r\n<div class=\"WordSection5\"><img src=\"https://www.pioix.pi.leg.br/imagens/praajoseantao.jpg\" alt=\"\" class=\"image-inline\" title=\"\" /><br />\r\n<p>\u00a0\u00a0\u00a0\u00a0\u00a0\u00a0\u00a0\u00a0\u00a0\u00a0\u00a0\u00a0\u00a0\u00a0\u00a0\u00a0\u00a0\u00a0\u00a0\u00a0\u00a0\u00a0\u00a0\u00a0\u00a0\u00a0\u00a0\u00a0\u00a0\u00a0\u00a0\u00a0\u00a0\u00a0\u00a0\u00a0\u00a0\u00a0\u00a0\u00a0\u00a0\u00a0\u00a0\u00a0\u00a0\u00a0\u00a0\u00a0\u00a0\u00a0\u00a0\u00a0\u00a0\u00a0\u00a0\u00a0 Pra\u00e7a Jos\u00e9 Ant\u00e3o de Alencar.</p>\r\n</div>\r\n<p>\u00a0</p>\r\n<div class=\"WordSection6\">\r\n<p>Ainda s\u00e3o tamb\u00e9m espa\u00e7os p\u00fablicos bastante frequentados Bar Altas Horas, Pizzaria Angatu, Na Chapa, PJ Hamburgeria, Pizzaria do Cear\u00e1, Recanto do Espeto, Restaurante Fam\u00edlia Ast\u00e9rio, Casa do Campo.</p>\r\n<p>Nos arredores da cidade h\u00e1 v\u00e1rias ch\u00e1caras com piscinas que s\u00e3o alugadas ao p\u00fablico em geral para lazer nos fins de semana, recep\u00e7\u00f5es de casamento, etc. Ainda h\u00e1, festas em clubes como \u201cClube dos Professores\u201d \u201cAthenas\u201d e \u201cEspazio\u201d em que Bandas de Forr\u00f3 fazem apresenta\u00e7\u00f5es. Com bastante frequ\u00eancia, s\u00e3o realizadas pega de boi e vaquejadas em parques como: Haras Condado, Rancho Santa Clara, Parque de vaquejada El\u00edsio Lib\u00e2neo ( na localidade Coivaras ).</p>\r\n</div>\r\n<div class=\"WordSection7\">\r\n<p>Outro aspecto da vida social piononense s\u00e3o as festividades religiosas, sendo as mais importantes: Semana Santa onde filhos da terra que moram em outras cidades aproveitam para descansar, visitar parentes, familiares e amigos e tamb\u00e9m a Festa da Padroeira Nossa Senhora do Patroc\u00ednio, comemorada no per\u00edodo de 06 a</p>\r\n<p>15 de agosto que tamb\u00e9m agrega um n\u00famero consider\u00e1vel de pessoas para praticar suas cren\u00e7as religiosas. O m\u00eas de dezembro \u00e9 esperado com muita ansiedade pela popula\u00e7\u00e3o, pois h\u00e1 comemora\u00e7\u00e3o das festas natalinas e confraterniza\u00e7\u00f5es entre familiares e amigos e, nesta \u00e9poca o fluxo de pessoas na cidade \u00e9 muito grande, vindas de todas as partes do pa\u00eds.</p>\r\n<p>Em rela\u00e7\u00e3o as atividades culturais, tornou-se tradi\u00e7\u00e3o a comemora\u00e7\u00e3o do Encontro de Folguedos realizado durante o m\u00eas de junho, com uma programa\u00e7\u00e3o cultural diversificada como dan\u00e7as e quadrilhas apresentadas pelos alunos de todas as escolas do munic\u00edpio, apresenta\u00e7\u00e3o de sanfoneiros, recitais de cord\u00e9is, venda de deliciosas comidas t\u00edpicas, al\u00e9m de shows com Bandas de Forr\u00f3. Durante o m\u00eas de agosto, tamb\u00e9m se comemora a Festa do Munic\u00edpio com hasteamento de bandeira, apresenta\u00e7\u00f5es de orquestra sinf\u00f4nica, apresenta\u00e7\u00f5es art\u00edsticas e culturais, atividades esportivas com objetivo de valorizar a cultura piononense e oferecer lazer para o povo.</p>\r\n</div>\r\n<p>\u00a0</p>\r\n<p>Informa\u00e7\u00f5es fornecidas pela professora<strong> Ivone Alencar.</strong></p>\r\n<table align=\"left\">\r\n<tbody>\r\n<tr>\r\n<td></td>\r\n</tr>\r\n<tr>\r\n<td></td>\r\n<td></td>\r\n</tr>\r\n</tbody>\r\n</table>\r\n<p>\u00a0</p>\r\n</div>\r\n<p style=\"text-align: justify; \"><span><span><br clear=\"all\" /></span></span></p>\r\n<p>\u00a0</p>\r\n<p>\u00a0</p>\r\n<p>\u00a0</p>\r\n<p style=\"text-align: justify; \"><span><span><br /></span></span></p>", "author_name": "Interlegis", "version": "1.0", "author_url": "https://www.pioix.pi.leg.br/author/Interlegis", "provider_name": "C\u00e2mara Municipal de Pio IX", "type": "rich"}